{"id":1713,"date":"2025-01-15T12:52:00","date_gmt":"2025-01-15T12:52:00","guid":{"rendered":"https:\/\/dentalpro.pt\/en\/?p=1713"},"modified":"2025-01-31T14:13:38","modified_gmt":"2025-01-31T14:13:38","slug":"2025-annual-meeting-of-the-portuguese-society-of-periodontology-and-implants","status":"publish","type":"post","link":"https:\/\/dentalpro.pt\/en\/2025\/01\/15\/2025-annual-meeting-of-the-portuguese-society-of-periodontology-and-implants\/","title":{"rendered":"2025 Annual Meeting of the Portuguese Society of Periodontology and Implants"},"content":{"rendered":"\n<p>With a wide scientific program, the Annual Meeting will feature international and national speakers and a hands-on course and will take place on February 14 and 15, 2025, in Porto.<\/p>\n\n\n\n<p>National speakers Elsa Domingues, Jorge Andr\u00e9 Cardoso and Virg\u00ednia Santos will address the treatment of gummy smiles. The session dedicated to root coverage will be led by C\u00e9lia Coutinho Alves, Jo\u00e3o Gomes and Gon\u00e7alo Caram\u00eas. International speakers have been confirmed: Alberto Monje, Antonio Li\u00f1ares, Egle Ramanauskaite, Jose Nart and Virginie Monnet-Corti.<\/p>\n\n\n\n<p>The 2025 Annual Meeting will see the active participation of the speakers, with the presentation, in poster format, of clinical cases, clinical and pre-clinical research and reviews of scientific literature.<\/p>\n\n\n\n<p>Registration is now open and must be done via the SPPI website.<\/p>\n","protected":false},"excerpt":{"rendered":"<p>The Annual Meeting will feature international and national speakers and a hands-on course and will take place on February 14 and 15, 2025, in Porto.<\/p>\n","protected":false},"author":1,"featured_media":1715,"comment_status":"open","ping_status":"open","sticky":false,"template":"","format":"standard","meta":[],"categories":[251],"tags":[252,219],"_links":{"self":[{"href":"https:\/\/dentalpro.pt\/en\/wp-json\/wp\/v2\/posts\/1713"}],"collection":[{"href":"https:\/\/dentalpro.pt\/en\/wp-json\/wp\/v2\/posts"}],"about":[{"href":"https:\/\/dentalpro.pt\/en\/wp-json\/wp\/v2\/types\/post"}],"author":[{"embeddable":true,"href":"https:\/\/dentalpro.pt\/en\/wp-json\/wp\/v2\/users\/1"}],"replies":[{"embeddable":true,"href":"https:\/\/dentalpro.pt\/en\/wp-json\/wp\/v2\/comments?post=1713"}],"version-history":[{"count":1,"href":"https:\/\/dentalpro.pt\/en\/wp-json\/wp\/v2\/posts\/1713\/revisions"}],"predecessor-version":[{"id":1716,"href":"https:\/\/dentalpro.pt\/en\/wp-json\/wp\/v2\/posts\/1713\/revisions\/1716"}],"wp:featuredmedia":[{"embeddable":true,"href":"https:\/\/dentalpro.pt\/en\/wp-json\/wp\/v2\/media\/1715"}],"wp:attachment":[{"href":"https:\/\/dentalpro.pt\/en\/wp-json\/wp\/v2\/media?parent=1713"}],"wp:term":[{"taxonomy":"category","embeddable":true,"href":"https:\/\/dentalpro.pt\/en\/wp-json\/wp\/v2\/categories?post=1713"},{"taxonomy":"post_tag","embeddable":true,"href":"https:\/\/dentalpro.pt\/en\/wp-json\/wp\/v2\/tags?post=1713"}],"curies":[{"name":"wp","href":"https:\/\/api.w.org\/{rel}","templated":true}]}}