{"id":948,"date":"2021-06-19T09:00:50","date_gmt":"2021-06-19T09:00:50","guid":{"rendered":"http:\/\/dentalpro.pt\/en\/?p=948"},"modified":"2021-06-23T16:47:53","modified_gmt":"2021-06-23T16:47:53","slug":"luis-monteiro-this-is-a-window-of-opportunity-for-the-prevention-and-detection-of-oral-cancer","status":"publish","type":"post","link":"https:\/\/dentalpro.pt\/en\/2021\/06\/19\/luis-monteiro-this-is-a-window-of-opportunity-for-the-prevention-and-detection-of-oral-cancer\/","title":{"rendered":"Lu\u00eds Monteiro: \u201cThis is a window of opportunity for the prevention and detection of oral cancer\u201d"},"content":{"rendered":"\n<p>DentalPro presents an excerpt of an extensive interview with Lu\u00eds Monteiro, Professor at the Instituto Universit\u00e1rio de Ci\u00eancias da Sa\u00fade, (IUCS-CESPU) and coordinator of the post-graduate course in Medicine and Oral Pathology and the post-graduate course in Laster at the IUCS.<\/p>\n\n\n\n<p>Lu\u00eds Monteiro took part\nin the new classification of potentially malignant lesions in the World Health\nOrganisation Collaborating Centre for Oral Cancer. <\/p>\n\n\n\n<p><strong>How do you feel being the first Portuguese dentist to\nbe part of this classification? <\/strong><\/p>\n\n\n\n<p>More important than being first, or any other order,\nis being able to give my personal contribution as a Portuguese dentist, in a\nway, representing our country in a meeting with a group of international\nauthors whom I have always admired. On the other hand, it is also a\nresponsibility to represent oral medicine, which is done very well in our\ncountry by many colleagues, in an important workshop of the WHO Collaborative\nOral Cancer Centre study group.<\/p>\n\n\n\n<p>We should be proud of many of our colleagues who, in\nvarious areas of dentistry, or medicine, are contributing worldwide to\nscientific advances in certain areas with the aim of improving diagnosis,\ntherapeutic options and the quality of life of our patients.<\/p>\n\n\n\n<p>We have colleagues who are founders of the largest\nEuropean associations of oral medicine and who continue to be a world reference\nin oral medicine, colleagues in implantology, periodontology, surgery,\northodontics, etc., who, sometimes right next to us, represent our country in a\nunique way worldwide, and whom I personally look up to as an example and\nadmiration.<\/p>\n\n\n\n<p>You can read the full interview, as well as issue 158\nof dentalpro magazine&nbsp;<a href=\"https:\/\/pt.calameo.com\/codigopro\/read\/0001153677eaaeb7b033f?authid=HcrUGiaajEaz\">here<\/a>.<\/p>\n","protected":false},"excerpt":{"rendered":"<p>In a DentalPro interview, the doctor told us about the importance of his participation in the new classification of potentially malignant lesions in the World Health Organisation Collaborating Centre for Oral Cancer (OMS.)<\/p>\n","protected":false},"author":1,"featured_media":915,"comment_status":"open","ping_status":"open","sticky":false,"template":"","format":"standard","meta":[],"categories":[26,20,21,22],"tags":[39,40,38],"_links":{"self":[{"href":"https:\/\/dentalpro.pt\/en\/wp-json\/wp\/v2\/posts\/948"}],"collection":[{"href":"https:\/\/dentalpro.pt\/en\/wp-json\/wp\/v2\/posts"}],"about":[{"href":"https:\/\/dentalpro.pt\/en\/wp-json\/wp\/v2\/types\/post"}],"author":[{"embeddable":true,"href":"https:\/\/dentalpro.pt\/en\/wp-json\/wp\/v2\/users\/1"}],"replies":[{"embeddable":true,"href":"https:\/\/dentalpro.pt\/en\/wp-json\/wp\/v2\/comments?post=948"}],"version-history":[{"count":1,"href":"https:\/\/dentalpro.pt\/en\/wp-json\/wp\/v2\/posts\/948\/revisions"}],"predecessor-version":[{"id":949,"href":"https:\/\/dentalpro.pt\/en\/wp-json\/wp\/v2\/posts\/948\/revisions\/949"}],"wp:featuredmedia":[{"embeddable":true,"href":"https:\/\/dentalpro.pt\/en\/wp-json\/wp\/v2\/media\/915"}],"wp:attachment":[{"href":"https:\/\/dentalpro.pt\/en\/wp-json\/wp\/v2\/media?parent=948"}],"wp:term":[{"taxonomy":"category","embeddable":true,"href":"https:\/\/dentalpro.pt\/en\/wp-json\/wp\/v2\/categories?post=948"},{"taxonomy":"post_tag","embeddable":true,"href":"https:\/\/dentalpro.pt\/en\/wp-json\/wp\/v2\/tags?post=948"}],"curies":[{"name":"wp","href":"https:\/\/api.w.org\/{rel}","templated":true}]}}